{"id":1452,"date":"2011-12-20T13:15:00","date_gmt":"2011-12-20T12:15:00","guid":{"rendered":"http:\/\/zecernia.com\/html\/?p=1452"},"modified":"2012-01-05T10:57:22","modified_gmt":"2012-01-05T09:57:22","slug":"oficerowie-wp-w-stanie-spoczynku","status":"publish","type":"post","link":"http:\/\/zecernia.com\/html\/?p=1452","title":{"rendered":"Organizacje oficer\u00f3w w stanie spoczynku w Bydgoszczy"},"content":{"rendered":"<p>W 1935 roku dosz\u0142o do fuzji Towarzystw Oficer\u00f3w W.P. w stanie spoczynku. O tym fakcie donosi\u0142a bydgoska prasa 24 lipca 1935 r.<br \/>\n<!--more--><br \/>\nZ inicjatywy dow\u00f3dcy okr\u0119gu korpusu nr. VIII genera\u0142a [Wiktora] Thommee, odby\u0142o si\u0119 wczoraj w sali kasyna oficerskiego 62 pp. pod przewodnictwem gen. w st. sp. [Tadeusza] Ga\u0142eckiego zebranie oficer\u00f3w W. P. w stanie spoczynku, zamieszka\u0142ych na terenie miasta Bydgoszczy. Tematem obrad, w kt\u00f3rych wzi\u0119\u0142o udzia\u0142 kilkudziesi\u0119ciu oficer\u00f3w by\u0142a sprawa <strong>fuzji<\/strong> istniej\u0105cego na terenie Bydgoszczy ko\u0142a Stowarzyszenia oficer\u00f3w w st. sp. ze Zwi\u0105zkiem oficer\u00f3w W. P. w st. sp., na czele kt\u00f3rego stoi gen. dyw. w st. sp. [Leonard] Skierski. Po referacie pu\u0142k. Hamerskiego z Torunia przeprowadzono o\u017cywion\u0105 dyskusj\u0119, w wyniku kt\u00f3rej wszyscy zebrani uchwalili jednog\u0142o\u015bnie wst\u0105pi\u0107 do Zwi\u0105zku oficer\u00f3w W. P. w st. sp., a tem samem zlikwidowa\u0107 istniej\u0105ce w Bydgoszczy ko\u0142o Stowarzyszenia oficer\u00f3w w st. sp. W wyniku dalszych obrad wybrano zarz\u0105d [ko\u0142a] Zwi\u0105zku z gen. Ga\u0142eckim jako prezesem, oraz gen. [Aleksandrem] Ehrbarem, majorem dypl. [Kazimierzem] Po\u0142udniowskim, majorem [Marianem] Strzy\u017cowskim, majorem [Stefanem] Za\u0142\u0119skim i kapitanem [Emilem] Kalit\u0105 jako cz\u0142onkami. W sk\u0142ad komisji rewizyjnej weszli pu\u0142k. [Kazimierz] Zachar, pu\u0142k. [Wiktor] Aleksandrowicz i kpt. Marynowski.<\/p>\n<blockquote><p>KB, 17\/169, 8 <em>Fuzja Towarzystw Oficer\u00f3w W.P. w stanie spoczynku.<\/em><\/p>\n<p>gen. Tadeusz Ga\u0142ecki<br \/>\ntyt. gen. bryg. Aleksander Ehrbar<br \/>\np\u0142k Hamerski<br \/>\np\u0142k Wiktor Aleksandrowicz (ur. 24.07.1871)<br \/>\np\u0142k int. dypl. Kazimierz Marian Zachar (ur. 10.12.1878, starsz. 1.06.1919, lok. 4)<br \/>\nmjr dypl. Kazmimierz Sergiusz Po\u0142udniowski (ur. 19.02.1888, starsz. 1.06.1919, lok. 20)<br \/>\nmjr Marian Strzy\u017cowski (ur. 9.04.1877, starsz. 1.07.1919, lok. 2)<br \/>\nmjr Stefan Marian Andrzej Za\u0142\u0119ski (ur. 10.11.1886, starsz. 1.07.1923, lok. 4 korpus kontroler\u00f3w)<br \/>\nkpt. int. dypl. Emil Micha\u0142 Kalita (ur. 26.05.1895, starsz. 1.06.1919, lok. 37)<br \/>\nkpt. Marynowski <\/p><\/blockquote>\n","protected":false},"excerpt":{"rendered":"<p>W 1935 roku dosz\u0142o do fuzji Towarzystw Oficer\u00f3w W.P. w stanie spoczynku. O tym fakcie donosi\u0142a bydgoska prasa 24 lipca 1935 r.<\/p>\n","protected":false},"author":1,"featured_media":0,"comment_status":"closed","ping_status":"open","sticky":false,"template":"","format":"standard","meta":{"footnotes":""},"categories":[4,8],"tags":[],"class_list":["post-1452","post","type-post","status-publish","format-standard","hentry","category-bydgoszcz","category-garnizon"],"_links":{"self":[{"href":"http:\/\/zecernia.com\/html\/index.php?rest_route=\/wp\/v2\/posts\/1452","targetHints":{"allow":["GET"]}}],"collection":[{"href":"http:\/\/zecernia.com\/html\/index.php?rest_route=\/wp\/v2\/posts"}],"about":[{"href":"http:\/\/zecernia.com\/html\/index.php?rest_route=\/wp\/v2\/types\/post"}],"author":[{"embeddable":true,"href":"http:\/\/zecernia.com\/html\/index.php?rest_route=\/wp\/v2\/users\/1"}],"replies":[{"embeddable":true,"href":"http:\/\/zecernia.com\/html\/index.php?rest_route=%2Fwp%2Fv2%2Fcomments&post=1452"}],"version-history":[{"count":9,"href":"http:\/\/zecernia.com\/html\/index.php?rest_route=\/wp\/v2\/posts\/1452\/revisions"}],"predecessor-version":[{"id":1467,"href":"http:\/\/zecernia.com\/html\/index.php?rest_route=\/wp\/v2\/posts\/1452\/revisions\/1467"}],"wp:attachment":[{"href":"http:\/\/zecernia.com\/html\/index.php?rest_route=%2Fwp%2Fv2%2Fmedia&parent=1452"}],"wp:term":[{"taxonomy":"category","embeddable":true,"href":"http:\/\/zecernia.com\/html\/index.php?rest_route=%2Fwp%2Fv2%2Fcategories&post=1452"},{"taxonomy":"post_tag","embeddable":true,"href":"http:\/\/zecernia.com\/html\/index.php?rest_route=%2Fwp%2Fv2%2Ftags&post=1452"}],"curies":[{"name":"wp","href":"https:\/\/api.w.org\/{rel}","templated":true}]}}