{"id":1540,"date":"2012-05-18T13:14:10","date_gmt":"2012-05-18T12:14:10","guid":{"rendered":"http:\/\/zecernia.com\/html\/?p=1540"},"modified":"2012-05-18T13:14:10","modified_gmt":"2012-05-18T12:14:10","slug":"korpus-oficerski-62-p-p-w-1921-r","status":"publish","type":"post","link":"http:\/\/zecernia.com\/html\/?p=1540","title":{"rendered":"Korpus oficerski 62 p.p. w 1921 r."},"content":{"rendered":"<p>Lista obejmuje oficer\u00f3w etatowych i nadetatowych, dla kt\u00f3rych oddzia\u0142em macierzystym, w my\u015bl instrukcji ewidencyjnej i rozkazu Ministra Spraw Wojskowych, by\u0142 w 1921 r. 62 Pu\u0142k Piechoty Wielkopolskiej.<br \/>\n<!--more--><br \/>\np\u0142k\tJatowt\tIgnacy<br \/>\npp\u0142k\tGrabowski\tW\u0142adys\u0142aw<br \/>\nkpt.\tBia\u0142ecki\tFranciszek Jan<br \/>\nkpt.\tDemk\u00f3w\tJan<br \/>\nkpt.\tJanowski\tTadeusz Jan<br \/>\nkpt.\tKempi\u0144ski\tFranciszek<br \/>\nkpt. p. S.G.\tKwa\u015bniewski\tTadeusz Kazimierz<br \/>\nkpt.\tLorek\tTeofil Marceli<br \/>\nkpt.\tSentkowski\tWalerian Klemens<br \/>\nkpt.\tSteinbach\tLudwik<br \/>\nkpt.\tSzcze\u015bniak\tKazimierz<br \/>\nkpt.\tTarczy\u0144ski\tStanis\u0142aw<br \/>\nkpt.\tTyrankiewicz\tWitold Jan<br \/>\npor.\tAdamczewski\tJ\u00f3zef<br \/>\npor.\tBa\u0142ka\tFranciszek Tadeusz<br \/>\npor.\tCzarnodolski\tMicha\u0142<br \/>\npor.\tDykczak\tNikodem<br \/>\npor.\tEnglert\tAlfons Roman<br \/>\npor.\tErtel\tSylwester<br \/>\npor.\tFrank\tStanis\u0142aw Kazimierz<br \/>\npor.\tGrzesiewicz\tW\u0142adys\u0142aw Jan<br \/>\npor.\tHa\u0142as\tW\u0142adys\u0142aw<br \/>\npor.\tKowalczyk\tAdam Stefan<br \/>\npor.\tOrty\u0144ski\tPawe\u0142<br \/>\npor.\tPaw\u0142owski\tEdward<br \/>\npor.\tPi\u0119kny\tStanis\u0142aw<br \/>\npor.\tRyfa\tMiko\u0142aj<br \/>\npor.\tSikorski\tMaksymilian<br \/>\npor.\tS\u0142awi\u0144ski\tJan Nepomucen<br \/>\npor.\tS\u0142upczy\u0144ski\tOtton Antoni<br \/>\npor.\t\u015amielecki\tJ\u00f3\u017aef Leon<br \/>\npor.\tSowi\u0144ski\tStanis\u0142aw<br \/>\npor.\tSplitt\tJ\u00f3zef Romuald<br \/>\npor.\tStach\tLudwik<br \/>\npor.\tWili\u0144ski\tKazimierz Bogus\u0142aw<br \/>\npor.\tW\u0142odarkiewicz\tMarian<br \/>\npor.\tZabierzowski\tStanis\u0142aw<br \/>\nppor.\tBajon\tWitos\u0142aw Gracjan<br \/>\nppor.\tBorkowski-Dunin\tW\u0142odzimierz<br \/>\nppor.\tCi\u0105\u017cy\u0144ski\tSeweryn<br \/>\nppor.\tCichocki\tMarian<br \/>\nppor.\tCugier\tIgnacy<br \/>\nppor.\tGawro\u0144ski\tStefan<br \/>\nppor.\tGibasiewicz\tJan<br \/>\nppor.\tG\u0142owacki\tMarian Jan<br \/>\nppor.\tG\u0142owski\tKazimierz J\u00f3zef<br \/>\nppor.\tGolnik\tWac\u0142aw J\u00f3zef<br \/>\nppor.\tIdaszak\tTadeusz Wojciech<br \/>\nppor.\tKarbowski\tWac\u0142aw Jan<br \/>\nppor.\tKlemensiewicz\tStanis\u0142aw<br \/>\nppor.\tKoz\u0142owski\tAndrzej<br \/>\nppor.\tKrajewski\tJan<br \/>\nppor.\tKurnatowski\tAndrzej<br \/>\nppor.\tKwa\u015bnica\tEdward Jan<br \/>\nppor.\tLewandowski\tWojciech Tadeusz<br \/>\nppor.\tLiebthal\tJan<br \/>\nppor.\tLindner\tW\u0142adys\u0142aw<br \/>\nppor.\tLurc\tStanis\u0142aw<br \/>\nppor.\t\u0141owicki\tFranciszek Szczepan<br \/>\nppor.\tMrozek\tStefan<br \/>\nppor.\tPijarowski\tJan<br \/>\nppor.\tRomanowski\tEdmund<br \/>\nppor.\tRoth\tStanis\u0142aw<br \/>\nppor.\tSaniutycz-Kuroczy\u0144ski\tWies\u0142aw Juliusz<br \/>\nppor.\tSarama\tJ\u00f3zef<br \/>\nppor.\tSarnecki\tLudwik Wojciech<br \/>\nppor.\tSroka\tFeliks<br \/>\nppor.\tSzewc\tJ\u00f3zef<br \/>\nppor.\tSzlenk\tJan<br \/>\nppor.\tSz\u0142apka\tJ\u00f3zef<br \/>\nppor.\tSzmytkowski\tTadeusz<br \/>\nppor.\tSzyma\u0144ski\tStanis\u0142aw<br \/>\nppor.\tSzyma\u0144ski\tZbigniew Kazimierz<br \/>\nppor.\tTokarz\tAndrzej<br \/>\nppor.\tTubilewicz\tMieczys\u0142aw<br \/>\nppor.\tWalaszyk\tAntoni<br \/>\nppor.\tWiertelak\tJ\u00f3zef<br \/>\nppor.\tWitkowski\tJ\u00f3zef Stanis\u0142aw<br \/>\nppor.\tWyborski\tJan<br \/>\nppor.\tZaj\u0105c\tStanis\u0142aw<br \/>\nppor.\tZi\u0119tak\tWac\u0142aw<\/p>\n","protected":false},"excerpt":{"rendered":"<p>Lista obejmuje oficer\u00f3w etatowych i nadetatowych, dla kt\u00f3rych oddzia\u0142em macierzystym, w my\u015bl instrukcji ewidencyjnej i rozkazu Ministra Spraw Wojskowych, by\u0142 w 1921 r. 62 Pu\u0142k Piechoty Wielkopolskiej.<\/p>\n","protected":false},"author":1,"featured_media":0,"comment_status":"closed","ping_status":"open","sticky":false,"template":"","format":"standard","meta":{"footnotes":""},"categories":[1],"tags":[],"class_list":["post-1540","post","type-post","status-publish","format-standard","hentry","category-bez-kategorii"],"_links":{"self":[{"href":"http:\/\/zecernia.com\/html\/index.php?rest_route=\/wp\/v2\/posts\/1540","targetHints":{"allow":["GET"]}}],"collection":[{"href":"http:\/\/zecernia.com\/html\/index.php?rest_route=\/wp\/v2\/posts"}],"about":[{"href":"http:\/\/zecernia.com\/html\/index.php?rest_route=\/wp\/v2\/types\/post"}],"author":[{"embeddable":true,"href":"http:\/\/zecernia.com\/html\/index.php?rest_route=\/wp\/v2\/users\/1"}],"replies":[{"embeddable":true,"href":"http:\/\/zecernia.com\/html\/index.php?rest_route=%2Fwp%2Fv2%2Fcomments&post=1540"}],"version-history":[{"count":1,"href":"http:\/\/zecernia.com\/html\/index.php?rest_route=\/wp\/v2\/posts\/1540\/revisions"}],"predecessor-version":[{"id":1541,"href":"http:\/\/zecernia.com\/html\/index.php?rest_route=\/wp\/v2\/posts\/1540\/revisions\/1541"}],"wp:attachment":[{"href":"http:\/\/zecernia.com\/html\/index.php?rest_route=%2Fwp%2Fv2%2Fmedia&parent=1540"}],"wp:term":[{"taxonomy":"category","embeddable":true,"href":"http:\/\/zecernia.com\/html\/index.php?rest_route=%2Fwp%2Fv2%2Fcategories&post=1540"},{"taxonomy":"post_tag","embeddable":true,"href":"http:\/\/zecernia.com\/html\/index.php?rest_route=%2Fwp%2Fv2%2Ftags&post=1540"}],"curies":[{"name":"wp","href":"https:\/\/api.w.org\/{rel}","templated":true}]}}