{"id":1917,"date":"2013-08-08T07:46:13","date_gmt":"2013-08-08T06:46:13","guid":{"rendered":"http:\/\/zecernia.com\/html\/?p=1917"},"modified":"2013-08-08T07:46:13","modified_gmt":"2013-08-08T06:46:13","slug":"poswiecenie-toru-wyscigow-konnych","status":"publish","type":"post","link":"http:\/\/zecernia.com\/html\/?p=1917","title":{"rendered":"Po\u015bwi\u0119cenie toru wy\u015bcig\u00f3w konnych"},"content":{"rendered":"<p>W dniu 8 lipca 1928 r. odby\u0142o si\u0119 w Kapu\u015bciskach Ma\u0142ych pod Bydgoszcz\u0105 po\u015bwi\u0119cenie nowego toru wy\u015bcigowego, wybudowanego staraniem <em>wielkopolskiego Towarzystwa wy\u015bcig\u00f3w konnych<\/em>, z uwzgl\u0119dnieniem nowoczesnych wymog\u00f3w w tej dziedzinie. W po\u015bwi\u0119ceniu wzi\u0105\u0142 udzia\u0142 m.in. dyr. dep. chowu koni w ministerstwie spraw wewn\u0119trznych, p. Jurjewicz.<br \/>\n<!--more--><br \/>\n<a href=\"http:\/\/zecernia.com\/html\/wp-content\/uploads\/2013\/08\/197.png\"><img loading=\"lazy\" decoding=\"async\" src=\"http:\/\/zecernia.com\/html\/wp-content\/uploads\/2013\/08\/197.png\" alt=\"197\" width=\"762\" height=\"565\" class=\"aligncenter size-full wp-image-1918\" srcset=\"http:\/\/zecernia.com\/html\/wp-content\/uploads\/2013\/08\/197.png 762w, http:\/\/zecernia.com\/html\/wp-content\/uploads\/2013\/08\/197-300x222.png 300w\" sizes=\"auto, (max-width: 762px) 100vw, 762px\" \/><\/a><br \/>\nFotografja przedstawia chwil\u0119, gdy dyr. dep. Jurjewicz przecina wst\u0119g\u0119. [Fot. Bojucki &#8211; Bydgoszcz]<\/p>\n<p>IKC 1928\/197\/10<\/p>\n","protected":false},"excerpt":{"rendered":"<p>W dniu 8 lipca 1928 r. odby\u0142o si\u0119 w Kapu\u015bciskach Ma\u0142ych pod Bydgoszcz\u0105 po\u015bwi\u0119cenie nowego toru wy\u015bcigowego, wybudowanego staraniem wielkopolskiego Towarzystwa wy\u015bcig\u00f3w konnych, z uwzgl\u0119dnieniem nowoczesnych wymog\u00f3w w tej dziedzinie. W po\u015bwi\u0119ceniu wzi\u0105\u0142 udzia\u0142 m.in. dyr. dep. chowu koni w ministerstwie spraw wewn\u0119trznych, p. Jurjewicz.<\/p>\n","protected":false},"author":1,"featured_media":0,"comment_status":"closed","ping_status":"open","sticky":false,"template":"","format":"standard","meta":{"footnotes":""},"categories":[4],"tags":[148],"class_list":["post-1917","post","type-post","status-publish","format-standard","hentry","category-bydgoszcz","tag-wyscigi"],"_links":{"self":[{"href":"http:\/\/zecernia.com\/html\/index.php?rest_route=\/wp\/v2\/posts\/1917","targetHints":{"allow":["GET"]}}],"collection":[{"href":"http:\/\/zecernia.com\/html\/index.php?rest_route=\/wp\/v2\/posts"}],"about":[{"href":"http:\/\/zecernia.com\/html\/index.php?rest_route=\/wp\/v2\/types\/post"}],"author":[{"embeddable":true,"href":"http:\/\/zecernia.com\/html\/index.php?rest_route=\/wp\/v2\/users\/1"}],"replies":[{"embeddable":true,"href":"http:\/\/zecernia.com\/html\/index.php?rest_route=%2Fwp%2Fv2%2Fcomments&post=1917"}],"version-history":[{"count":1,"href":"http:\/\/zecernia.com\/html\/index.php?rest_route=\/wp\/v2\/posts\/1917\/revisions"}],"predecessor-version":[{"id":1919,"href":"http:\/\/zecernia.com\/html\/index.php?rest_route=\/wp\/v2\/posts\/1917\/revisions\/1919"}],"wp:attachment":[{"href":"http:\/\/zecernia.com\/html\/index.php?rest_route=%2Fwp%2Fv2%2Fmedia&parent=1917"}],"wp:term":[{"taxonomy":"category","embeddable":true,"href":"http:\/\/zecernia.com\/html\/index.php?rest_route=%2Fwp%2Fv2%2Fcategories&post=1917"},{"taxonomy":"post_tag","embeddable":true,"href":"http:\/\/zecernia.com\/html\/index.php?rest_route=%2Fwp%2Fv2%2Ftags&post=1917"}],"curies":[{"name":"wp","href":"https:\/\/api.w.org\/{rel}","templated":true}]}}