{"id":3034,"date":"2019-01-02T12:04:40","date_gmt":"2019-01-02T11:04:40","guid":{"rendered":"http:\/\/zecernia.com\/html\/?p=3034"},"modified":"2019-01-02T12:18:44","modified_gmt":"2019-01-02T11:18:44","slug":"gmina-wtelno","status":"publish","type":"post","link":"http:\/\/zecernia.com\/html\/?p=3034","title":{"rendered":"Gmina Wtelno"},"content":{"rendered":"\n<p>Istnia\u0142a w latach 1934\u20131954. <\/p>\n\n\n\n<p>Gmina wiejska Wtelno zosta\u0142a utworzona 1 sierpnia 1934 r. na mocy Rozporz\u0105dzenia Ministra Spraw Wewn\u0119trznych Mariana Zyndram-Ko\u015bcia\u0142kowskiego z dnia 21 lipca 1934 r. <em>o podziale powiatu bydgoskiego w wojew\u00f3dztwie pozna\u0144skiem na gminy wiejskie<\/em>.<\/p>\n\n\n\n<!--more-->\n\n\n\n<p>Na podstawie art. 103 ustawy z dnia 23 marca 1933 r. o cz\u0119\u015bciowej zmianie ustroju samorz\u0105du terytorialnego (Dz.U.R.P. Nr35, poz. 294)\u00a0 (\u00a7 1.) w powiecie bydgoskim, wojew\u00f3dztwie pozna\u0144skim utworzono nast\u0119puj\u0105ce gminy wiejskie: (1) M\u0105kowarsko; (2) Wierzchucin Kr\u00f3lewski; (3) Koronowo; (4) Wtelno z siedzib\u0105 we Wtelnie; w sk\u0142ad tej gminy wchodz\u0105 nast\u0119puj\u0105ce dotychczasowe gminy wiejskie: Gogolin, Gogolinek, Go\u015bcieradz, Nowaczkowo, Op\u0142awiec, Szczutki, Tryszczyn, Trzemi\u0119towo, Trzemi\u0119t\u00f3wko, Wierzchucice, Wierzchucinek, Witoldowo, Wtelno oraz cz\u0119\u015b\u0107 obszaru dworskiego Jachcice Nadle\u015bnictwo, a mianowicie le\u015bnictwa: Czy\u017ck\u00f3wko, Osowag\u00f3ra i Tryszczyn; (5) Dobrcz; (6) Osielsko; (7) \u015alesin; (8) D\u0105br\u00f3wka Nowa; (9) Bydgoszcz; (10) Solec Kujawski. (\u00a7 2.) Rozporz\u0105dzenie wesz\u0142o w \u017cycie z dniem 1 sierpnia 1934 r.<\/p>\n\n\n\n<figure class=\"wp-block-image\"><img loading=\"lazy\" decoding=\"async\" width=\"1000\" height=\"700\" src=\"http:\/\/zecernia.com\/html\/wp-content\/uploads\/2019\/01\/Gmina-Wtelno.jpg\" alt=\"\" class=\"wp-image-3037\" srcset=\"http:\/\/zecernia.com\/html\/wp-content\/uploads\/2019\/01\/Gmina-Wtelno.jpg 1000w, http:\/\/zecernia.com\/html\/wp-content\/uploads\/2019\/01\/Gmina-Wtelno-300x210.jpg 300w, http:\/\/zecernia.com\/html\/wp-content\/uploads\/2019\/01\/Gmina-Wtelno-768x538.jpg 768w\" sizes=\"auto, (max-width: 1000px) 100vw, 1000px\" \/><figcaption>Gmina wiejska Wtelno w granicach z 1934 r. na Mapie Administracyjnej Rzeczypospolitej Polskiej z 1938 r. (arkusz 9, skala 1:300 000, \u017ar\u00f3d\u0142o: mapywig.org)<\/figcaption><\/figure>\n\n\n\n<p><\/p>\n","protected":false},"excerpt":{"rendered":"<p>Istnia\u0142a w latach 1934\u20131954. Gmina wiejska Wtelno zosta\u0142a utworzona 1 sierpnia 1934 r. na mocy Rozporz\u0105dzenia Ministra Spraw Wewn\u0119trznych Mariana Zyndram-Ko\u015bcia\u0142kowskiego z dnia 21 lipca 1934 r. o podziale powiatu bydgoskiego w wojew\u00f3dztwie pozna\u0144skiem na gminy wiejskie.<\/p>\n","protected":false},"author":1,"featured_media":0,"comment_status":"closed","ping_status":"open","sticky":false,"template":"","format":"standard","meta":{"footnotes":""},"categories":[1],"tags":[],"class_list":["post-3034","post","type-post","status-publish","format-standard","hentry","category-bez-kategorii"],"_links":{"self":[{"href":"http:\/\/zecernia.com\/html\/index.php?rest_route=\/wp\/v2\/posts\/3034","targetHints":{"allow":["GET"]}}],"collection":[{"href":"http:\/\/zecernia.com\/html\/index.php?rest_route=\/wp\/v2\/posts"}],"about":[{"href":"http:\/\/zecernia.com\/html\/index.php?rest_route=\/wp\/v2\/types\/post"}],"author":[{"embeddable":true,"href":"http:\/\/zecernia.com\/html\/index.php?rest_route=\/wp\/v2\/users\/1"}],"replies":[{"embeddable":true,"href":"http:\/\/zecernia.com\/html\/index.php?rest_route=%2Fwp%2Fv2%2Fcomments&post=3034"}],"version-history":[{"count":3,"href":"http:\/\/zecernia.com\/html\/index.php?rest_route=\/wp\/v2\/posts\/3034\/revisions"}],"predecessor-version":[{"id":3039,"href":"http:\/\/zecernia.com\/html\/index.php?rest_route=\/wp\/v2\/posts\/3034\/revisions\/3039"}],"wp:attachment":[{"href":"http:\/\/zecernia.com\/html\/index.php?rest_route=%2Fwp%2Fv2%2Fmedia&parent=3034"}],"wp:term":[{"taxonomy":"category","embeddable":true,"href":"http:\/\/zecernia.com\/html\/index.php?rest_route=%2Fwp%2Fv2%2Fcategories&post=3034"},{"taxonomy":"post_tag","embeddable":true,"href":"http:\/\/zecernia.com\/html\/index.php?rest_route=%2Fwp%2Fv2%2Ftags&post=3034"}],"curies":[{"name":"wp","href":"https:\/\/api.w.org\/{rel}","templated":true}]}}