{"id":3154,"date":"2019-07-01T13:11:13","date_gmt":"2019-07-01T12:11:13","guid":{"rendered":"http:\/\/zecernia.com\/html\/?p=3154"},"modified":"2019-07-01T14:32:02","modified_gmt":"2019-07-01T13:32:02","slug":"1938-parafie-wojskowe-na-terenie-diecezji-luckiej","status":"publish","type":"post","link":"http:\/\/zecernia.com\/html\/?p=3154","title":{"rendered":"Parafie wojskowe na terenie diecezji \u0142uckiej"},"content":{"rendered":"<p><strong>Dubno<\/strong>, EP. S. Joannis Cantii C.<br \/>\nks. Czach J\u00f3zef<br \/>\n1923<br \/>\nks. Motyka Jan<br \/>\n1924,<br \/>\nks. Szadbej Tadeusz (ur. 1886, \u015bw. 1912 diec. kamieniecka)<br \/>\n1927, 1928<br \/>\nks. Wi\u015bniewski Longin (ur. 1893, \u015bw. 1920 diec. p\u0142ocka)<br \/>\n1929, 1930, 1931, 1932, 1933, 1934, &#8212;-, 1936, 1937, 1938<\/p>\n<p><strong>Kowel<\/strong>, EP. S. Adalberti EM<br \/>\nks. \u017by\u017cniewski Antoni (ur. 1878, \u015bw. 1903) C.H.L.<br \/>\n1923<br \/>\nks. Koppel Wilhelm (ur. 1887, \u015bw. 1906 diec. Monte-Fiascone, W\u0142ochy)<br \/>\n1924, &#8212;-, &#8212;-, 1927, 1928, 1929, 1930,<br \/>\nks. Zawadzki Micha\u0142 (ur. 1900, \u015bw. 1924 diec podlaska)<br \/>\n1931, 1932, 1933, 1934, &#8212;-<br \/>\nks. Malawski W\u0142adys\u0142aw (ur. 1889, \u015bw. 1914 diec. mohylewska)<br \/>\n&#8212;-, 1936, 1937, 1938<\/p>\n<p><strong>Krzemieniec<\/strong>, EP. (in Bia\u0142a Krunica) S. Stanislai Kostka C.<br \/>\n1923 &#8211; vacat<br \/>\nks. Lewicki Marian II (ur. 1888, \u015bw. 1913)<br \/>\n1924, &#8212;-, &#8212;-, 1927, 1928<br \/>\nks. \u017by\u017cniewski Antoni (ur. 1878, \u015bw. 1903) C.H.L.<br \/>\n1929, 1930<br \/>\nks. Halama Alojzy (ur. 1894, \u015bw. 1923)<br \/>\n1931<br \/>\nf.m. Pszonka Stanis\u0142aw (ur. 1903, \u015bw. 1926)<br \/>\n1932<br \/>\nks. S\u0142aby J\u00f3zef (ur. 1896, \u015bw. 1924 diec. przemyska)<br \/>\n1933, 1934, &#8212;-, 1936, 1937, 1938<\/p>\n<p><strong>\u0141uck<\/strong>, EP. B. Mariae V. Reginae Poloniae<br \/>\n1923 &#8211; vacat<br \/>\nks. Fojt Karol<br \/>\n1924,<br \/>\nks. Kwiatkowski Walerian (ur. 1893, \u015bw. 1915) q.s.<br \/>\n1927, 1928, 1929<br \/>\nks. Szadbej Tadeusz (ur. 1886, \u015bw. 1912 diec. kamieniecka)<br \/>\n1930<br \/>\nf.m. Szyszkiewicz Tymoteusz (ur. 1905, \u015bw. 1930)<br \/>\n1931<br \/>\nks. \u015awi\u0119cicki Walerian (ur. 1902, \u015bw. 1927)<br \/>\n1932, 1933, 1934, &#8212;-, 1936, 1937, 1938<\/p>\n<p><strong>R\u00f3wne<\/strong>,<br \/>\nPar. S. Joseph, Sp. B. M. V., locum EP tenet capel. in aedibus milit.<br \/>\nEP. Ss. App. Petri et pauli mur. 1931-32, cons. 1934<br \/>\nks. \u017bak W\u0142adys\u0142aw<br \/>\n1923<br \/>\nks. Szacki Jerzy (ur. 1884, \u015bw. 1910 diec pi\u0144ska)<br \/>\n1924, &#8212;-, &#8212;-, 1927, 1928<br \/>\nks. Butrymowicz Rajmund (ur. 1896, \u015bw. 1918 archidiec. wile\u0144ska)<br \/>\n1929, 1930, 1931, 1932, 1933, 1934, &#8212;-, 1936, 1937, 1938<\/p>\n<p><strong>W\u0142odzimierz<\/strong>, EP. S. Josaphat EM.<br \/>\nks. Michu\u0142ka Jan (ur. 1892, \u015bw. 1917 archidiec. lwowska)<br \/>\n1923, 1924, &#8212;-, &#8212;-, 1927, 1928, 1929, 1930, 1931, 1932, 1933, 1934, &#8212;-<br \/>\nks. Sawicki Marian (ur. 1897, \u015bw. 1924 diec. cz\u0119stochowska)<br \/>\n&#8212;-, 1936, 1937, 1938<\/p>\n<p><strong>Kapelani wojskowi z diecezji \u0142uckiej:<\/strong><br \/>\nks. Cie\u015bli\u0144ski Stanis\u0142aw (ur. 1888, \u015bw. 1912)<br \/>\nks. Gogoli\u0144ski Aleksander (ur. 1902, \u015bw. 1924)<br \/>\nks. Kalinowski Wac\u0142aw (ur. 1881, \u015bw. 1906) Dr. Phil., kanonik honorowy kapitu\u0142y o\u0142yckiej<br \/>\nks. Kwiatkowski Walerian (ur. 1893, \u015bw. 1915)<br \/>\nks. Niewiarowski Antoni<br \/>\nks. Lewicki Marian (ur. 1888, \u015bw. 1913)<br \/>\nks. Sankowski Wac\u0142aw (ur. 1889, \u015bw. 1914) S.T.M., kanonik honorowy kapitu\u0142y o\u0142yckiej<br \/>\nks. Skalski Franciszek (ur. 1902, \u015bw. 1926) S.T.M., Dr. Sc. Soc. (w Grudzi\u0105dzu)<br \/>\nks. Szadbej Tadeusz<br \/>\nks. \u015awi\u0119cicki Walerian (ur. 1902, \u015bw. 1927) (w \u0141ucku)<br \/>\nks. Truss Cyriak (ur. 1890, \u015bw. 1915)<br \/>\nks. Zajkowski Stefan (ur. 1901, \u015bw. 1926) (w Krakowie)<br \/>\nks. \u017bmikowski Ludwik (ur. 1901, \u015bw. 1926) <\/p>\n<p>\u0179r\u00f3d\u0142o:<br \/>\nRocznik Oficerski 1923-1924<br \/>\nSchematyzm Diecezji \u0141uckiej 1927-1934, 1936-1938<\/p>\n","protected":false},"excerpt":{"rendered":"<p>Dubno, EP. S. Joannis Cantii C. ks. Czach J\u00f3zef 1923 ks. Motyka Jan 1924, ks. Szadbej Tadeusz (ur. 1886, \u015bw. 1912 diec. kamieniecka) 1927, 1928 ks. Wi\u015bniewski Longin (ur. 1893, \u015bw. 1920 diec. p\u0142ocka) 1929, 1930, 1931, 1932, 1933, 1934, &#8212;-, 1936, 1937, 1938 Kowel, EP. S. Adalberti EM ks. \u017by\u017cniewski Antoni (ur. 1878, \u015bw. [&hellip;]<\/p>\n","protected":false},"author":1,"featured_media":0,"comment_status":"closed","ping_status":"open","sticky":false,"template":"","format":"standard","meta":{"footnotes":""},"categories":[1],"tags":[],"class_list":["post-3154","post","type-post","status-publish","format-standard","hentry","category-bez-kategorii"],"_links":{"self":[{"href":"http:\/\/zecernia.com\/html\/index.php?rest_route=\/wp\/v2\/posts\/3154","targetHints":{"allow":["GET"]}}],"collection":[{"href":"http:\/\/zecernia.com\/html\/index.php?rest_route=\/wp\/v2\/posts"}],"about":[{"href":"http:\/\/zecernia.com\/html\/index.php?rest_route=\/wp\/v2\/types\/post"}],"author":[{"embeddable":true,"href":"http:\/\/zecernia.com\/html\/index.php?rest_route=\/wp\/v2\/users\/1"}],"replies":[{"embeddable":true,"href":"http:\/\/zecernia.com\/html\/index.php?rest_route=%2Fwp%2Fv2%2Fcomments&post=3154"}],"version-history":[{"count":9,"href":"http:\/\/zecernia.com\/html\/index.php?rest_route=\/wp\/v2\/posts\/3154\/revisions"}],"predecessor-version":[{"id":3163,"href":"http:\/\/zecernia.com\/html\/index.php?rest_route=\/wp\/v2\/posts\/3154\/revisions\/3163"}],"wp:attachment":[{"href":"http:\/\/zecernia.com\/html\/index.php?rest_route=%2Fwp%2Fv2%2Fmedia&parent=3154"}],"wp:term":[{"taxonomy":"category","embeddable":true,"href":"http:\/\/zecernia.com\/html\/index.php?rest_route=%2Fwp%2Fv2%2Fcategories&post=3154"},{"taxonomy":"post_tag","embeddable":true,"href":"http:\/\/zecernia.com\/html\/index.php?rest_route=%2Fwp%2Fv2%2Ftags&post=3154"}],"curies":[{"name":"wp","href":"https:\/\/api.w.org\/{rel}","templated":true}]}}